[{"@context":"https:\/\/schema.org\/","@type":"Article","@id":"https:\/\/www.aztenis.cz\/detske-lasky\/#Article","mainEntityOfPage":"https:\/\/www.aztenis.cz\/detske-lasky\/","headline":"D\u011btsk\u00e9 l\u00e1sky","name":"D\u011btsk\u00e9 l\u00e1sky","description":"Prvn\u00ed d\u011btsk\u00e9 l\u00e1sky zpravidla b\u00fdvaj\u00ed spont\u00e1nn\u00ed, nevinn\u00e9 a nezapomenuteln\u00e9. Prvn\u00ed zamilov\u00e1n\u00ed, prvn\u00ed pusinkov\u00e1n\u00ed n\u011bkdy v\u00a0p\u0159ed\u0161koln\u00edm v\u011bku, dr\u017een\u00ed se za ruce a radost v\u00a0d\u011btsk\u00fdch o\u010d\u00edch pln\u00fdch zamilovan\u00fdch jisk\u0159i\u010dek. Prvn\u00ed l\u00e1sky na\u0161ich d\u011bt\u00ed bychom my rodi\u010de nem\u011bli zleh\u010dovat ani p\u0159ehl\u00ed\u017eet. D\u011bti ji toti\u017e berou smrteln\u011b v\u00e1\u017en\u011b. Prvn\u00ed l\u00e1sky v\u011bt\u0161inou vznikaj\u00ed ve chv\u00edli, kdy d\u00edt\u011b p\u0159ijde do kolektivu,...","datePublished":"2023-05-19","dateModified":"2023-05-19","author":{"@type":"Person","@id":"https:\/\/www.aztenis.cz\/author\/#Person","name":"","url":"https:\/\/www.aztenis.cz\/author\/","identifier":1,"image":{"@type":"ImageObject","@id":"https:\/\/secure.gravatar.com\/avatar\/325464d7e09ffe52889ba6983accc5cdb65d0a54acd9a25cd7e409bd3eba713a?s=96&d=mm&r=g","url":"https:\/\/secure.gravatar.com\/avatar\/325464d7e09ffe52889ba6983accc5cdb65d0a54acd9a25cd7e409bd3eba713a?s=96&d=mm&r=g","height":96,"width":96}},"publisher":{"@type":"Organization","name":"aztenis.cz","logo":{"@type":"ImageObject","@id":"\/logo.png","url":"\/logo.png","width":600,"height":60}},"url":"https:\/\/www.aztenis.cz\/detske-lasky\/","wordCount":478,"articleBody":"Prvn\u00ed d\u011btsk\u00e9 l\u00e1sky zpravidla b\u00fdvaj\u00ed spont\u00e1nn\u00ed, nevinn\u00e9 a nezapomenuteln\u00e9. Prvn\u00ed zamilov\u00e1n\u00ed, prvn\u00ed pusinkov\u00e1n\u00ed n\u011bkdy v\u00a0p\u0159ed\u0161koln\u00edm v\u011bku, dr\u017een\u00ed se za ruce a radost v\u00a0d\u011btsk\u00fdch o\u010d\u00edch pln\u00fdch zamilovan\u00fdch jisk\u0159i\u010dek. Prvn\u00ed l\u00e1sky na\u0161ich d\u011bt\u00ed bychom my rodi\u010de nem\u011bli zleh\u010dovat ani p\u0159ehl\u00ed\u017eet. D\u011bti ji toti\u017e berou smrteln\u011b v\u00e1\u017en\u011b.Prvn\u00ed l\u00e1sky v\u011bt\u0161inou vznikaj\u00ed ve chv\u00edli, kdy d\u00edt\u011b p\u0159ijde do kolektivu, co\u017e je nej\u010dast\u011bji \u0161kolka. Zde se pro ka\u017ed\u00e9ho najde n\u011bkdo, kdo se mu l\u00edb\u00ed. Tato zku\u0161enost je pak p\u0159ipravuje na jejich budouc\u00ed milostn\u00fd \u017eivot.N\u011bkdy okolo t\u0159et\u00edho roku si d\u011bti za\u010d\u00ednaj\u00ed v\u0161\u00edmat, \u017ee existuj\u00ed jist\u00e9 anatomick\u00e9 rozd\u00edly, a to je velmi zaj\u00edm\u00e1, a mnohdy to vede o snahu se sbl\u00ed\u017eit. Za\u010d\u00ednaj\u00ed se vodit za ruku nebo se za\u010dnou dokonce pusinkovat. Typick\u00e9 pro d\u011btskou zamilovanost v\u0161ak b\u00fdv\u00e1 to, \u017ee tato l\u00e1ska vydr\u017e\u00ed jen kr\u00e1tkou dobu. V\u011bt\u0161inou uhasne stejn\u011b rychle, jako vzpl\u00e1la. P\u0159esto nen\u00ed o nic m\u00e9n\u011b d\u016fle\u017eit\u00e1, ne\u017e l\u00e1ska dosp\u011bl\u00e1.D\u011bti i v\u00a0\u00fatl\u00e9m v\u011bku dovedou pro\u017e\u00edt vzplanut\u00ed, pocit radosti a \u0161t\u011bst\u00ed. A tak\u00e9 zklam\u00e1n\u00ed, kter\u00e9 mnohdy velmi bol\u00ed, nebo\u0165 d\u011bti je\u0161t\u011b neum\u00ed se sv\u00fdmi pocity pracovat \u010di se nad nimi povzn\u00e9st.P\u0159ed\u0161koln\u00ed d\u011bti v\u0161ak svou prvn\u00ed l\u00e1skou \u017eij\u00ed, inspiruj\u00ed se od n\u00ed, a takov\u00e9 pocity a jedn\u00e1n\u00ed s\u00a0nimi putuje a\u017e do dosp\u011bl\u00e9ho \u017eivota. Jsou velmi citov\u011b siln\u00e9, co\u017e je d\u00e1no p\u0159edev\u0161\u00edm t\u00edm, \u017ee zamilovan\u00fd pocit je pro d\u00edt\u011b n\u011b\u010d\u00edm \u00fapln\u011b nov\u00fdm. Sm\u011bruje ho toti\u017e na n\u011bkoho, kdo nen\u00ed \u010dlenem rodiny, a d\u00edky n\u011bmu se u\u010d\u00ed navazovat kontakty a novou formu komunikace. Prvn\u011b za\u017e\u00edv\u00e1, jak\u00e9 to je tvo\u0159it p\u00e1r, ale i to, jak\u00e9 to je b\u00fdt odm\u00edtnut\u00fd.Co se \u0161k\u00e1dl\u00edv\u00e1, to se r\u00e1do m\u00edv\u00e1D\u011bti si tak\u00e9 \u010dasto sv\u00e9 city a vyzn\u00e1n\u00ed d\u00e1vaj\u00ed najevo r\u016fzn\u00fdm po\u0161\u0165uchov\u00e1n\u00edm, tah\u00e1n\u00edm za vlasy a \u0161k\u00e1dlen\u00edm. P\u0159ed\u0161koln\u00ed d\u011bti jsou bezprost\u0159edn\u00ed a m\u00e1lokdy se styd\u00ed. Ve \u0161koln\u00edm v\u011bku d\u011bti ji\u017e sv\u00e9 l\u00e1sky taj\u00ed p\u0159ed ostatn\u00edmi spolu\u017e\u00e1ky i p\u0159ed rodi\u010di. A\u017e s\u00a0p\u0159\u00edchodem puberty se\u00a0pro\u017e\u00edv\u00e1n\u00ed l\u00e1sek za\u010dne v\u00fdrazn\u011b m\u011bnit. Souvis\u00ed to p\u0159edev\u0161\u00edm se zm\u011bnami, kter\u00e9 se odehr\u00e1vaj\u00ed v\u00a0t\u011blesn\u00e9 rovin\u011b, a jsou podm\u00edn\u011bny prom\u011bnou hormon\u00e1ln\u00edch funkc\u00ed.                                                                                                                                                                                                                                                                                                                                                                                        3.7\/5 - (4 votes)        "},{"@context":"https:\/\/schema.org\/","@type":"BreadcrumbList","itemListElement":[{"@type":"ListItem","position":1,"name":"D\u011btsk\u00e9 l\u00e1sky","item":"https:\/\/www.aztenis.cz\/detske-lasky\/#breadcrumbitem"}]}]