[{"@context":"https:\/\/schema.org\/","@type":"Article","@id":"https:\/\/www.aztenis.cz\/klimatizace-fujitsu-to-je-sazka-na-dobreho-kone\/#Article","mainEntityOfPage":"https:\/\/www.aztenis.cz\/klimatizace-fujitsu-to-je-sazka-na-dobreho-kone\/","headline":"Klimatizace Fujitsu \u2013 to je s\u00e1zka na dobr\u00e9ho kon\u011b","name":"Klimatizace Fujitsu \u2013 to je s\u00e1zka na dobr\u00e9ho kon\u011b","description":"Za\u0159\u00edzen\u00ed vykazuj\u00ed maxim\u00e1ln\u00ed spolehlivost s mal\u00fdm procentem poruchovosti, samoz\u0159ejmost\u00ed je z\u00e1ru\u010dn\u00ed i poz\u00e1ru\u010dn\u00ed servis. Klimatizace fujitsuGeneral Limited jsou ur\u010deny pro ve\u0161ker\u00e9 obytn\u00e9 a technick\u00e9 m\u00edstnosti. Pracuj\u00ed v bytech, rodinn\u00fdch domech, v gar\u00e1\u017e\u00edch a skladech, ve v\u00fdrobn\u00edch provozech, v potravin\u00e1\u0159sk\u00e9 a zem\u011bd\u011blsk\u00e9 v\u00fdrob\u011b. V\u00fdrobky Fujitsu si oblibu z\u00edskaly i v klimatizovan\u00fdch s\u00e1lech v\u00fdpo\u010detn\u00ed techniky, v r\u016fzn\u00fdch...","datePublished":"2018-02-06","dateModified":"2023-05-19","author":{"@type":"Person","@id":"https:\/\/www.aztenis.cz\/author\/#Person","name":"","url":"https:\/\/www.aztenis.cz\/author\/","identifier":1,"image":{"@type":"ImageObject","@id":"https:\/\/secure.gravatar.com\/avatar\/325464d7e09ffe52889ba6983accc5cdb65d0a54acd9a25cd7e409bd3eba713a?s=96&d=mm&r=g","url":"https:\/\/secure.gravatar.com\/avatar\/325464d7e09ffe52889ba6983accc5cdb65d0a54acd9a25cd7e409bd3eba713a?s=96&d=mm&r=g","height":96,"width":96}},"publisher":{"@type":"Organization","name":"aztenis.cz","logo":{"@type":"ImageObject","@id":"\/logo.png","url":"\/logo.png","width":600,"height":60}},"image":{"@type":"ImageObject","@id":"https:\/\/www.aztenis.cz\/wp-content\/uploads\/img_a311929_w2240_t1523011291.jpg","url":"https:\/\/www.aztenis.cz\/wp-content\/uploads\/img_a311929_w2240_t1523011291.jpg","height":0,"width":0},"url":"https:\/\/www.aztenis.cz\/klimatizace-fujitsu-to-je-sazka-na-dobreho-kone\/","about":["D\u016fm a byt"],"wordCount":359,"articleBody":"Za\u0159\u00edzen\u00ed vykazuj\u00ed maxim\u00e1ln\u00ed spolehlivost s mal\u00fdm procentem poruchovosti, samoz\u0159ejmost\u00ed je z\u00e1ru\u010dn\u00ed i poz\u00e1ru\u010dn\u00ed servis.Klimatizace fujitsuGeneral Limited jsou ur\u010deny pro ve\u0161ker\u00e9 obytn\u00e9 a technick\u00e9 m\u00edstnosti. Pracuj\u00ed v bytech, rodinn\u00fdch domech, v gar\u00e1\u017e\u00edch a skladech, ve v\u00fdrobn\u00edch provozech, v potravin\u00e1\u0159sk\u00e9 a zem\u011bd\u011blsk\u00e9 v\u00fdrob\u011b. V\u00fdrobky Fujitsu si oblibu z\u00edskaly i v klimatizovan\u00fdch s\u00e1lech v\u00fdpo\u010detn\u00ed techniky, v r\u016fzn\u00fdch serverov\u00fdch a datov\u00fdch centrech. Klimatiza\u010dn\u00ed prvky okenn\u00edch a splitov\u00fdch typ\u016f chladic\u00edch za\u0159\u00edzen\u00ed rozd\u011blujeme podle po\u010dtu vnit\u0159n\u00edch jednotek: Splitov\u00e9 syst\u00e9my s jedn\u00edm venkovn\u00edm agreg\u00e1tem pro jednu vnit\u0159n\u00ed jednotku N\u00e1st\u011bnn\u00e1 z\u00e1kladn\u00ed klimatiza\u010dn\u00ed jednotka o v\u00fdkonu od 2 do 8,8 kW. Chladic\u00ed jednotka parapetn\u00ed o v\u00fdkonu od 2,6 kW do 4,1 kW. V\u00fdkonn\u00e1 univerz\u00e1ln\u00ed chladic\u00ed jednotka um\u00edst\u011bn\u00e1 pod stropem v rozmez\u00ed 4,1 \u2013 15,8 kW. Stropn\u00ed kazetov\u00e1 jednotka o v\u00fdkonu od 3,5 kW do 15,8 kW. Speci\u00e1ln\u00ed kan\u00e1lov\u00e1 chladic\u00ed jednotka (mezistropn\u00ed) o v\u00fdkonu od 2 kW do 26,4 kW Kompaktn\u00ed okenn\u00ed syst\u00e9m chlazen\u00ed o v\u00fdkonu 2,6 kW a\u017e 4,1 kW.  Multisplitov\u00e9 syst\u00e9my s jedn\u00edm venkovn\u00edm agreg\u00e1tem pro dv\u011b a\u017e \u010dty\u0159i vnit\u0159n\u00ed chladic\u00ed jednotky N\u00e1st\u011bnn\u00e9 syst\u00e9my o v\u00fdkonu od 2 do 7 kW. Parapetn\u00ed chlazen\u00ed o stejn\u00e9m v\u00fdkonu jako u syst\u00e9m\u016f pro jednu vnit\u0159n\u00ed jednotku. Jednotky um\u00edst\u011bn\u00e9 pod stropem maj\u00ed v\u00fdkon 4,1 \u2013 7 kW. Jednotky kazetov\u00e9 pracuj\u00ed s v\u00fdkonem 2,6 \u2013 5,3 kW. Kan\u00e1lov\u00e9 syst\u00e9my se zapojuj\u00ed s v\u00fdkonem od 2,6 do 6,4 kW. Chladic\u00ed syst\u00e9my VRF Jsou ur\u010deny pro speci\u00e1ln\u00ed \u00fa\u010dely chlazen\u00ed velk\u00e9ho rozsahu budov, resp. s v\u00edce vnit\u0159n\u00edmi jednotkami, ne\u017e \u010dty\u0159mi, kter\u00e9 se p\u0159ipojuj\u00ed na jeden centr\u00e1ln\u00ed venkovn\u00ed agreg\u00e1t. Stejn\u011b tak, jako u splitov\u00fdch a multisplitov\u00fdch syst\u00e9m\u016f pro men\u0161\u00ed po\u010det jednotek, jsou vybaveny modern\u00edmi \u0159\u00edd\u00edc\u00edmi technologiemi a invertorov\u00fdmi kompresory. Velkokapacitn\u00ed syst\u00e9my umo\u017e\u0148uj\u00ed tak\u00e9 flexibiln\u011bj\u0161\u00ed metody \u00faspory elektrick\u00e9 energie pro provoz t\u011bchto za\u0159\u00edzen\u00ed.                                                                                                                                                                                                                                                                                                                                                                                         4\/5 - (1 vote)        "},{"@context":"https:\/\/schema.org\/","@type":"BreadcrumbList","itemListElement":[{"@type":"ListItem","position":1,"name":"Klimatizace Fujitsu \u2013 to je s\u00e1zka na dobr\u00e9ho kon\u011b","item":"https:\/\/www.aztenis.cz\/klimatizace-fujitsu-to-je-sazka-na-dobreho-kone\/#breadcrumbitem"}]}]