[{"@context":"https:\/\/schema.org\/","@type":"Article","@id":"https:\/\/www.aztenis.cz\/maly-mrazak\/#Article","mainEntityOfPage":"https:\/\/www.aztenis.cz\/maly-mrazak\/","headline":"Mal\u00fd mraz\u00e1k","name":"Mal\u00fd mraz\u00e1k","description":"Pokud chceme uchovat v\u011bt\u0161\u00ed mno\u017estv\u00ed potravin del\u0161\u00ed dobu a jdou zamrazit, tak ani na chvilku nezav\u00e1h\u00e1me a podle ur\u010dit\u00fdch pravidel je uskladn\u00edme v\u00a0mraz\u00e1ku. U kombinovan\u00e9 chladni\u010dky slou\u017e\u00ed takov\u00fd mraz\u00e1k sp\u00ed\u0161 na potraviny, kter\u00e9 pr\u016fb\u011b\u017en\u011b spot\u0159ebov\u00e1v\u00e1me. Bohu\u017eel nelze zde skladovat m\u011bs\u00edce st\u00e1le nov\u00e9 a nov\u00e9 potraviny, jeliko\u017e velikost truhlic na to nen\u00ed uzp\u016fsoben\u00e1. Pokud bychom pot\u0159ebovali...","datePublished":"2023-05-22","dateModified":"2023-05-22","author":{"@type":"Person","@id":"https:\/\/www.aztenis.cz\/author\/#Person","name":"","url":"https:\/\/www.aztenis.cz\/author\/","identifier":1,"image":{"@type":"ImageObject","@id":"https:\/\/secure.gravatar.com\/avatar\/325464d7e09ffe52889ba6983accc5cdb65d0a54acd9a25cd7e409bd3eba713a?s=96&d=mm&r=g","url":"https:\/\/secure.gravatar.com\/avatar\/325464d7e09ffe52889ba6983accc5cdb65d0a54acd9a25cd7e409bd3eba713a?s=96&d=mm&r=g","height":96,"width":96}},"publisher":{"@type":"Organization","name":"aztenis.cz","logo":{"@type":"ImageObject","@id":"\/logo.png","url":"\/logo.png","width":600,"height":60}},"image":{"@type":"ImageObject","@id":"https:\/\/www.aztenis.cz\/wp-content\/uploads\/img_a322072_w2409_t1533582398.jpg","url":"https:\/\/www.aztenis.cz\/wp-content\/uploads\/img_a322072_w2409_t1533582398.jpg","height":0,"width":0},"url":"https:\/\/www.aztenis.cz\/maly-mrazak\/","wordCount":432,"articleBody":"Pokud chceme uchovat v\u011bt\u0161\u00ed mno\u017estv\u00ed potravin del\u0161\u00ed dobu a jdou zamrazit, tak ani na chvilku nezav\u00e1h\u00e1me a podle ur\u010dit\u00fdch pravidel je uskladn\u00edme v\u00a0mraz\u00e1ku. U kombinovan\u00e9 chladni\u010dky slou\u017e\u00ed takov\u00fd mraz\u00e1k sp\u00ed\u0161 na potraviny, kter\u00e9 pr\u016fb\u011b\u017en\u011b spot\u0159ebov\u00e1v\u00e1me. Bohu\u017eel nelze zde skladovat m\u011bs\u00edce st\u00e1le nov\u00e9 a nov\u00e9 potraviny, jeliko\u017e velikost truhlic na to nen\u00ed uzp\u016fsoben\u00e1. Pokud bychom pot\u0159ebovali zamrazit zahradn\u00ed \u00farodu, lesn\u00ed poklady nebo snad maso ze zab\u00edja\u010dky, tak budeme z\u00a0velikost\u00ed tohoto mraz\u00e1ku doslova ne\u0161\u0165astn\u00ed. Zde je pouze jedno jedin\u00e9 \u0159e\u0161en\u00ed a to je samostatn\u00fd mraz\u00e1k, kter\u00fd bude v\u011bt\u0161\u00ed a vyhovuj\u00edc\u00ed.\tVyb\u00edr\u00e1me mraz\u00e1kM\u016f\u017eeme si zvolit voln\u011b stoj\u00edc\u00ed sk\u0159\u00ed\u0148ov\u00e9 nebo trubicov\u00e9 mraz\u00e1ky, ale tak\u00e9 jsou velmi obl\u00edben\u00e9 vestavn\u00e9 sk\u0159\u00ed\u0148ov\u00e9. Zde budeme vyb\u00edrat podle na\u0161ich pot\u0159eb a tak\u00e9 prostor\u016f. Vyr\u00e1b\u00ed se toti\u017e v\u00a0r\u016fzn\u00fdch velikostech jak na v\u00fd\u0161ku, tak \u0161\u00ed\u0159ku a d\u00e1le je rozhoduj\u00edc\u00ed i jeho hloubka a objem litr\u016f. Samoz\u0159ejm\u011b jsou v\u00a0nab\u00eddce i v\u00a0barevn\u00e9m proveden\u00ed, a\u010dkoliv nejpou\u017e\u00edvan\u011bj\u0161\u00ed bude b\u00edl\u00e1 nebo chromov\u00e1 barva. To ji\u017e nem\u00e1 s\u00a0objemem nic spole\u010dn\u00e9ho, ale s\u00a0designem bytu. Velmi zaj\u00edmav\u00e9 jsou pak dal\u0161\u00ed parametry, podle kter\u00fdch se bude dan\u00e9 zbo\u017e\u00ed vyb\u00edrat a to jsou nap\u0159\u00edklad modely typu A+++, kter\u00e9 dok\u00e1\u017eou u\u0161et\u0159it a\u017e o 50 % elektrick\u00e9 energie, ne\u017e nap\u0159\u00edklad modely typu A+, kter\u00e9 zase ale mohou b\u00fdt cenov\u011b dostupn\u011bj\u0161\u00ed. V\u011bt\u0161ina mraz\u00e1k\u016f nen\u00ed ani pot\u0159eba n\u011bjak zvl\u00e1\u0161\u0165 odmrazovat, ale op\u011bt z\u00e1le\u017e\u00ed na druhu a typu.\tNakoupeno a te\u010f je t\u0159eba mu nal\u00e9zt vhodn\u00e9 m\u00edstoPokud pot\u0159ebujeme velk\u00fd mraz\u00e1k, tak ho nebudeme tla\u010dit do mal\u00e9ho prostoru. Takov\u00e9 se nejv\u00edce d\u00e1vaj\u00ed do sp\u00ed\u017ee, zvl\u00e1\u0161tn\u00ed m\u00edstnosti nebo komory. Teplota by se zde m\u011bla pohybovat v\u00a0rozmez\u00ed 10 a\u017e 40\u00b0C. Je lep\u0161\u00ed se o t\u00e9to teplot\u011b informovat u prodejce, jeliko\u017e ka\u017ed\u00e9 zbo\u017e\u00ed to m\u016f\u017ee m\u00edt nastaven\u00e9 trochu jinak. Hlavn\u011b by to mohl b\u00fdt probl\u00e9m, pokud bychom ho cht\u011bli um\u00edstit na chalupu, kde v\u00a0zim\u011b se moc zdr\u017eovat nebudeme. Investice do vhodn\u00e9ho produktu je tou nejlep\u0161\u00ed investic\u00ed, kterou m\u016f\u017eeme ud\u011blat a mraz\u00e1k takov\u00fdm zbo\u017e\u00edm skute\u010dn\u011b je. Mrazen\u00ed je zp\u016fsob dlouhodob\u00e9 konzervace potravin, kter\u00fd zachov\u00e1 jejich chu\u0165, barvu i vitam\u00edny.                                                                                                                                                                                                                                                                                                                                                                                        4\/5 - (1 vote)        "},{"@context":"https:\/\/schema.org\/","@type":"BreadcrumbList","itemListElement":[{"@type":"ListItem","position":1,"name":"Mal\u00fd mraz\u00e1k","item":"https:\/\/www.aztenis.cz\/maly-mrazak\/#breadcrumbitem"}]}]