[{"@context":"https:\/\/schema.org\/","@type":"Article","@id":"https:\/\/www.aztenis.cz\/ochrante-se-pred-plameny\/#Article","mainEntityOfPage":"https:\/\/www.aztenis.cz\/ochrante-se-pred-plameny\/","headline":"Ochra\u0148te se p\u0159ed plameny","name":"Ochra\u0148te se p\u0159ed plameny","description":"Dostate\u010dn\u00e9 bezpe\u010d\u00ed si p\u0159eje ka\u017ed\u00fd. Pokud hled\u00e1te prvek, kter\u00fd va\u0161i dom\u00e1cnost, kancel\u00e1\u0159 \u010di jak\u00e9koliv jin\u00e9 prostory m\u016f\u017ee prvot\u0159\u00eddn\u011b ochr\u00e1nit, pak byste m\u011bli volit p\u0159edev\u0161\u00edm protipo\u017e\u00e1rn\u00ed dve\u0159e. A\u010dkoliv si mo\u017en\u00e1 nyn\u00ed mysl\u00edte, \u017ee se v\u00e1s tato problematika net\u00fdk\u00e1, nebo\u0165 jste nikdy \u017e\u00e1dnou nehodu tohoto charakteru neza\u017eili, je nutn\u00e9 m\u00edt na pam\u011bti, \u017ee pr\u00e1v\u011b ohe\u0148 m\u016f\u017ee vzniknout...","datePublished":"2017-12-09","dateModified":"2023-05-19","author":{"@type":"Person","@id":"https:\/\/www.aztenis.cz\/author\/#Person","name":"","url":"https:\/\/www.aztenis.cz\/author\/","identifier":1,"image":{"@type":"ImageObject","@id":"https:\/\/secure.gravatar.com\/avatar\/325464d7e09ffe52889ba6983accc5cdb65d0a54acd9a25cd7e409bd3eba713a?s=96&d=mm&r=g","url":"https:\/\/secure.gravatar.com\/avatar\/325464d7e09ffe52889ba6983accc5cdb65d0a54acd9a25cd7e409bd3eba713a?s=96&d=mm&r=g","height":96,"width":96}},"publisher":{"@type":"Organization","name":"aztenis.cz","logo":{"@type":"ImageObject","@id":"\/logo.png","url":"\/logo.png","width":600,"height":60}},"image":{"@type":"ImageObject","@id":"https:\/\/www.aztenis.cz\/wp-content\/uploads\/img_a306167_w2256_t1517386925.jpg","url":"https:\/\/www.aztenis.cz\/wp-content\/uploads\/img_a306167_w2256_t1517386925.jpg","height":0,"width":0},"url":"https:\/\/www.aztenis.cz\/ochrante-se-pred-plameny\/","about":["Zbo\u017e\u00ed"],"wordCount":405,"articleBody":"Dostate\u010dn\u00e9 bezpe\u010d\u00ed si p\u0159eje ka\u017ed\u00fd. Pokud hled\u00e1te prvek, kter\u00fd va\u0161i dom\u00e1cnost, kancel\u00e1\u0159 \u010di jak\u00e9koliv jin\u00e9 prostory m\u016f\u017ee prvot\u0159\u00eddn\u011b ochr\u00e1nit, pak byste m\u011bli volit p\u0159edev\u0161\u00edm protipo\u017e\u00e1rn\u00ed dve\u0159e. A\u010dkoliv si mo\u017en\u00e1 nyn\u00ed mysl\u00edte, \u017ee se v\u00e1s tato problematika net\u00fdk\u00e1, nebo\u0165 jste nikdy \u017e\u00e1dnou nehodu tohoto charakteru neza\u017eili, je nutn\u00e9 m\u00edt na pam\u011bti, \u017ee pr\u00e1v\u011b ohe\u0148 m\u016f\u017ee vzniknout opravdu kdekoliv. Sta\u010d\u00ed chv\u00edle nepozornosti a r\u00e1zem se m\u016f\u017ee st\u00e1t, \u017ee se n\u011bco pokaz\u00ed, nap\u0159\u00edklad elektroinstalace. Pr\u00e1v\u011b proto je lep\u0161\u00ed b\u00fdt neust\u00e1le p\u0159ipraven\u00fd, a to i pasivn\u00edmi zp\u016fsoby, jako jsou protipo\u017e\u00e1rn\u00ed vrata.   Vyb\u00edrejte s opravdovou p\u00e9\u010d\u00ed K dosa\u017een\u00ed spokojenosti je nutn\u00e9 u\u010dinit jedin\u00e9, a to \u0159e\u0161it tuto problematiku se specialisty. To nejhor\u0161\u00ed, co se v\u00e1m toti\u017e m\u016f\u017ee st\u00e1t, je vyb\u00edrat tento prvek sv\u00e9pomoc\u00ed. Je toti\u017e velmi pravd\u011bpodobn\u00e9, \u017ee byste nevybrali tak, aby to bylo skute\u010dn\u011b efektivn\u00ed. Ka\u017ed\u00fd objekt toti\u017e pot\u0159ebuje o n\u011bco jin\u00fd typ tohoto ochrann\u00e9ho prvku, a tak myslete na samotn\u00e9 rozd\u00edly, kter\u00e9 mezi protipo\u017e\u00e1rn\u00edmi vraty existuj\u00ed. Ka\u017ed\u00fd plamen je o n\u011bco jin\u00fd Je rozd\u00edl osazovat protipo\u017e\u00e1rn\u00ed vrata  do dom\u00e1cnost\u00ed, kde jsou lidsk\u00e9 \u017eivoty nebo do firmy, kde se nach\u00e1z\u00ed vybaven\u00ed za miliony korun. Je tedy z\u0159ejm\u00e9, \u017ee ke ka\u017ed\u00e9 situaci je nutn\u00e9 p\u0159istupovat individu\u00e1ln\u011b. To se v\u00e1m jednodu\u0161e poda\u0159\u00ed pr\u00e1v\u011b tak, kdy\u017e si nech\u00e1te odborn\u011b poradit. Odborn\u00e1 rada je toti\u017e v tomto p\u0159\u00edpad\u011b naprosto n\u00e1pomocn\u00e1, nebo\u0165 d\u00edky tomu ztrat\u00edte  https:\/\/moravskoslezsky.denik.cz\/diskuse\/co-delat-kdyz-ztratite-sve-zapisky-a-poznamky.htmlve\u0161ker\u00e9 obavy o to, \u017ee byste mohli vybrat \u0161patn\u011b.  Jak by m\u011bly kvalitn\u00ed dve\u0159e vypadat? &#8211; M\u011bly by b\u00fdt ve sv\u00e9 struktu\u0159e obsahovat ocelov\u00fd plech &#8211; Mus\u00ed spl\u0148ovat bezpe\u010dnostn\u00ed na\u0159\u00edzen\u00ed a zkou\u0161ky &#8211; Krom\u011b funk\u010dnosti se mus\u00ed b\u00fdt dve\u0159e i l\u00edbit &#8211; Je nutn\u00e9 je moci jednodu\u0161e udr\u017eovat v bezchybn\u00e9m stavu Jakmile budete m\u00edt mo\u017enost vybrat takto kvalitn\u00ed bezpe\u010dnostn\u00ed prvky, ur\u010dit\u011b se tomu nebra\u0148te. Z\u00edsk\u00e1te tak opravdu mimo\u0159\u00e1dn\u011b silnou jistotu, \u017ee se nem\u016f\u017ee nic st\u00e1t, i kdyby v\u00e1m za dve\u0159mi ho\u0159elo.                                                                                                                                                                                                                                                                                                                                                                                         4\/5 - (2 votes)        "},{"@context":"https:\/\/schema.org\/","@type":"BreadcrumbList","itemListElement":[{"@type":"ListItem","position":1,"name":"Ochra\u0148te se p\u0159ed plameny","item":"https:\/\/www.aztenis.cz\/ochrante-se-pred-plameny\/#breadcrumbitem"}]}]