[{"@context":"https:\/\/schema.org\/","@type":"Blog","@id":"https:\/\/www.aztenis.cz#Blog","headline":"Az tenis","description":"\nNev\u011b\u0159\u00edte, \u017ee je n\u00e1\u0161 web skv\u011bl\u00fd, maje to za sebechv\u00e1lu, je\u017e jak zn\u00e1mo zap\u00e1ch\u00e1? Pak v\u00e1m nic nebr\u00e1n\u00ed v tom, abyste ho nav\u0161t\u00edvili a posoudili to osobn\u011b.","url":"https:\/\/www.aztenis.cz","hasPart":[{"@type":"Article","@id":"https:\/\/www.aztenis.cz\/elektrina-je-dostupna-kamkoliv\/","headline":"Elekt\u0159ina je dostupn\u00e1 kamkoliv","url":"https:\/\/www.aztenis.cz\/elektrina-je-dostupna-kamkoliv\/","datePublished":"2019-07-24","dateModified":"2023-05-22","mainEntityOfPage":"https:\/\/www.aztenis.cz\/elektrina-je-dostupna-kamkoliv\/","author":{"@type":"Person","@id":"https:\/\/www.aztenis.cz\/author\/#Person","name":"","url":"https:\/\/www.aztenis.cz\/author\/","identifier":1,"image":{"@type":"ImageObject","@id":"https:\/\/secure.gravatar.com\/avatar\/325464d7e09ffe52889ba6983accc5cdb65d0a54acd9a25cd7e409bd3eba713a?s=96&d=mm&r=g","url":"https:\/\/secure.gravatar.com\/avatar\/325464d7e09ffe52889ba6983accc5cdb65d0a54acd9a25cd7e409bd3eba713a?s=96&d=mm&r=g","height":96,"width":96}},"publisher":{"@type":"Organization","name":"aztenis.cz","logo":{"@type":"ImageObject","@id":"\/logo.png","url":"\/logo.png","width":600,"height":60}},"image":{"@type":"ImageObject","@id":"https:\/\/www.aztenis.cz\/wp-content\/uploads\/img_a351112_w3185_t1565848160.png","url":"https:\/\/www.aztenis.cz\/wp-content\/uploads\/img_a351112_w3185_t1565848160.png","height":0,"width":0},"wordCount":503,"keywords":null},{"@type":"Article","@id":"https:\/\/www.aztenis.cz\/vedome-dychani-zmensi-pracovni-stres\/","headline":"V\u011bdom\u00e9 d\u00fdch\u00e1n\u00ed zmen\u0161\u00ed pracovn\u00ed stres","url":"https:\/\/www.aztenis.cz\/vedome-dychani-zmensi-pracovni-stres\/","datePublished":"2019-07-14","dateModified":"2023-05-22","mainEntityOfPage":"https:\/\/www.aztenis.cz\/vedome-dychani-zmensi-pracovni-stres\/","author":{"@type":"Person","@id":"https:\/\/www.aztenis.cz\/author\/#Person","name":"","url":"https:\/\/www.aztenis.cz\/author\/","identifier":1,"image":{"@type":"ImageObject","@id":"https:\/\/secure.gravatar.com\/avatar\/325464d7e09ffe52889ba6983accc5cdb65d0a54acd9a25cd7e409bd3eba713a?s=96&d=mm&r=g","url":"https:\/\/secure.gravatar.com\/avatar\/325464d7e09ffe52889ba6983accc5cdb65d0a54acd9a25cd7e409bd3eba713a?s=96&d=mm&r=g","height":96,"width":96}},"publisher":{"@type":"Organization","name":"aztenis.cz","logo":{"@type":"ImageObject","@id":"\/logo.png","url":"\/logo.png","width":600,"height":60}},"image":{"@type":"ImageObject","@id":"https:\/\/www.aztenis.cz\/wp-content\/uploads\/img_a349825_w2649_t1564849528.jpg","url":"https:\/\/www.aztenis.cz\/wp-content\/uploads\/img_a349825_w2649_t1564849528.jpg","height":0,"width":0},"wordCount":4498,"keywords":null},{"@type":"Article","@id":"https:\/\/www.aztenis.cz\/od-koho-si-objednat-letaky\/","headline":"Od koho si objednat let\u00e1ky?","url":"https:\/\/www.aztenis.cz\/od-koho-si-objednat-letaky\/","datePublished":"2019-07-05","dateModified":"2023-05-22","mainEntityOfPage":"https:\/\/www.aztenis.cz\/od-koho-si-objednat-letaky\/","author":{"@type":"Person","@id":"https:\/\/www.aztenis.cz\/author\/#Person","name":"","url":"https:\/\/www.aztenis.cz\/author\/","identifier":1,"image":{"@type":"ImageObject","@id":"https:\/\/secure.gravatar.com\/avatar\/325464d7e09ffe52889ba6983accc5cdb65d0a54acd9a25cd7e409bd3eba713a?s=96&d=mm&r=g","url":"https:\/\/secure.gravatar.com\/avatar\/325464d7e09ffe52889ba6983accc5cdb65d0a54acd9a25cd7e409bd3eba713a?s=96&d=mm&r=g","height":96,"width":96}},"publisher":{"@type":"Organization","name":"aztenis.cz","logo":{"@type":"ImageObject","@id":"\/logo.png","url":"\/logo.png","width":600,"height":60}},"image":{"@type":"ImageObject","@id":"https:\/\/www.aztenis.cz\/wp-content\/uploads\/img_a352129_w1713_t1566591809.jpg","url":"https:\/\/www.aztenis.cz\/wp-content\/uploads\/img_a352129_w1713_t1566591809.jpg","height":0,"width":0},"wordCount":533,"keywords":null},{"@type":"Article","@id":"https:\/\/www.aztenis.cz\/nepotrebujete-letaky\/","headline":"Nepot\u0159ebujete let\u00e1ky?","url":"https:\/\/www.aztenis.cz\/nepotrebujete-letaky\/","datePublished":"2019-06-13","dateModified":"2023-05-22","mainEntityOfPage":"https:\/\/www.aztenis.cz\/nepotrebujete-letaky\/","author":{"@type":"Person","@id":"https:\/\/www.aztenis.cz\/author\/#Person","name":"","url":"https:\/\/www.aztenis.cz\/author\/","identifier":1,"image":{"@type":"ImageObject","@id":"https:\/\/secure.gravatar.com\/avatar\/325464d7e09ffe52889ba6983accc5cdb65d0a54acd9a25cd7e409bd3eba713a?s=96&d=mm&r=g","url":"https:\/\/secure.gravatar.com\/avatar\/325464d7e09ffe52889ba6983accc5cdb65d0a54acd9a25cd7e409bd3eba713a?s=96&d=mm&r=g","height":96,"width":96}},"publisher":{"@type":"Organization","name":"aztenis.cz","logo":{"@type":"ImageObject","@id":"\/logo.png","url":"\/logo.png","width":600,"height":60}},"image":{"@type":"ImageObject","@id":"https:\/\/www.aztenis.cz\/wp-content\/uploads\/img_a350112_w1698_t1564992293.jpg","url":"https:\/\/www.aztenis.cz\/wp-content\/uploads\/img_a350112_w1698_t1564992293.jpg","height":0,"width":0},"wordCount":538,"keywords":null},{"@type":"Article","@id":"https:\/\/www.aztenis.cz\/rovnatka\/","headline":"Rovn\u00e1tka","url":"https:\/\/www.aztenis.cz\/rovnatka\/","datePublished":"2019-06-13","dateModified":"2023-05-22","mainEntityOfPage":"https:\/\/www.aztenis.cz\/rovnatka\/","author":{"@type":"Person","@id":"https:\/\/www.aztenis.cz\/author\/#Person","name":"","url":"https:\/\/www.aztenis.cz\/author\/","identifier":1,"image":{"@type":"ImageObject","@id":"https:\/\/secure.gravatar.com\/avatar\/325464d7e09ffe52889ba6983accc5cdb65d0a54acd9a25cd7e409bd3eba713a?s=96&d=mm&r=g","url":"https:\/\/secure.gravatar.com\/avatar\/325464d7e09ffe52889ba6983accc5cdb65d0a54acd9a25cd7e409bd3eba713a?s=96&d=mm&r=g","height":96,"width":96}},"publisher":{"@type":"Organization","name":"aztenis.cz","logo":{"@type":"ImageObject","@id":"\/logo.png","url":"\/logo.png","width":600,"height":60}},"image":{"@type":"ImageObject","@id":"https:\/\/www.aztenis.cz\/wp-content\/uploads\/img_a350322_w3185_t1565176361.jpg","url":"https:\/\/www.aztenis.cz\/wp-content\/uploads\/img_a350322_w3185_t1565176361.jpg","height":0,"width":0},"wordCount":514,"keywords":null},{"@type":"Article","@id":"https:\/\/www.aztenis.cz\/trvejte-na-odskodneni\/","headline":"Trvejte na od\u0161kodn\u011bn\u00ed","url":"https:\/\/www.aztenis.cz\/trvejte-na-odskodneni\/","datePublished":"2019-06-07","dateModified":"2023-05-22","mainEntityOfPage":"https:\/\/www.aztenis.cz\/trvejte-na-odskodneni\/","author":{"@type":"Person","@id":"https:\/\/www.aztenis.cz\/author\/#Person","name":"","url":"https:\/\/www.aztenis.cz\/author\/","identifier":1,"image":{"@type":"ImageObject","@id":"https:\/\/secure.gravatar.com\/avatar\/325464d7e09ffe52889ba6983accc5cdb65d0a54acd9a25cd7e409bd3eba713a?s=96&d=mm&r=g","url":"https:\/\/secure.gravatar.com\/avatar\/325464d7e09ffe52889ba6983accc5cdb65d0a54acd9a25cd7e409bd3eba713a?s=96&d=mm&r=g","height":96,"width":96}},"publisher":{"@type":"Organization","name":"aztenis.cz","logo":{"@type":"ImageObject","@id":"\/logo.png","url":"\/logo.png","width":600,"height":60}},"image":{"@type":"ImageObject","@id":"https:\/\/www.aztenis.cz\/wp-content\/uploads\/img_a350666_w3185_t1565525325.jpg","url":"https:\/\/www.aztenis.cz\/wp-content\/uploads\/img_a350666_w3185_t1565525325.jpg","height":0,"width":0},"wordCount":545,"keywords":null},{"@type":"Article","@id":"https:\/\/www.aztenis.cz\/spanek-je-zaklad-zdravi\/","headline":"Sp\u00e1nek je z\u00e1klad zdrav\u00ed","url":"https:\/\/www.aztenis.cz\/spanek-je-zaklad-zdravi\/","datePublished":"2019-06-03","dateModified":"2023-09-13","mainEntityOfPage":"https:\/\/www.aztenis.cz\/spanek-je-zaklad-zdravi\/","author":{"@type":"Person","@id":"https:\/\/www.aztenis.cz\/author\/#Person","name":"","url":"https:\/\/www.aztenis.cz\/author\/","identifier":1,"image":{"@type":"ImageObject","@id":"https:\/\/secure.gravatar.com\/avatar\/325464d7e09ffe52889ba6983accc5cdb65d0a54acd9a25cd7e409bd3eba713a?s=96&d=mm&r=g","url":"https:\/\/secure.gravatar.com\/avatar\/325464d7e09ffe52889ba6983accc5cdb65d0a54acd9a25cd7e409bd3eba713a?s=96&d=mm&r=g","height":96,"width":96}},"publisher":{"@type":"Organization","name":"aztenis.cz","logo":{"@type":"ImageObject","@id":"\/logo.png","url":"\/logo.png","width":600,"height":60}},"image":{"@type":"ImageObject","@id":"https:\/\/www.aztenis.cz\/wp-content\/uploads\/img_a350244_w3185_t1565091889.jpg","url":"https:\/\/www.aztenis.cz\/wp-content\/uploads\/img_a350244_w3185_t1565091889.jpg","height":0,"width":0},"wordCount":528,"keywords":null},{"@type":"Article","@id":"https:\/\/www.aztenis.cz\/nebankovni-hypoteka-se-jiste-zalibi-i-vam\/","headline":"Nebankovn\u00ed hypot\u00e9ka se jist\u011b zal\u00edb\u00ed i v\u00e1m","url":"https:\/\/www.aztenis.cz\/nebankovni-hypoteka-se-jiste-zalibi-i-vam\/","datePublished":"2019-05-23","dateModified":"2023-05-22","mainEntityOfPage":"https:\/\/www.aztenis.cz\/nebankovni-hypoteka-se-jiste-zalibi-i-vam\/","author":{"@type":"Person","@id":"https:\/\/www.aztenis.cz\/author\/#Person","name":"","url":"https:\/\/www.aztenis.cz\/author\/","identifier":1,"image":{"@type":"ImageObject","@id":"https:\/\/secure.gravatar.com\/avatar\/325464d7e09ffe52889ba6983accc5cdb65d0a54acd9a25cd7e409bd3eba713a?s=96&d=mm&r=g","url":"https:\/\/secure.gravatar.com\/avatar\/325464d7e09ffe52889ba6983accc5cdb65d0a54acd9a25cd7e409bd3eba713a?s=96&d=mm&r=g","height":96,"width":96}},"publisher":{"@type":"Organization","name":"aztenis.cz","logo":{"@type":"ImageObject","@id":"\/logo.png","url":"\/logo.png","width":600,"height":60}},"image":{"@type":"ImageObject","@id":"https:\/\/www.aztenis.cz\/wp-content\/uploads\/img_a350517_w3185_t1565276473.jpg","url":"https:\/\/www.aztenis.cz\/wp-content\/uploads\/img_a350517_w3185_t1565276473.jpg","height":0,"width":0},"wordCount":547,"keywords":null},{"@type":"Article","@id":"https:\/\/www.aztenis.cz\/jak-vymenit-cartridge-hp-301\/","headline":"Jak vym\u011bnit cartridge HP 301","url":"https:\/\/www.aztenis.cz\/jak-vymenit-cartridge-hp-301\/","datePublished":"2019-05-21","dateModified":"2023-05-22","mainEntityOfPage":"https:\/\/www.aztenis.cz\/jak-vymenit-cartridge-hp-301\/","author":{"@type":"Person","@id":"https:\/\/www.aztenis.cz\/author\/#Person","name":"","url":"https:\/\/www.aztenis.cz\/author\/","identifier":1,"image":{"@type":"ImageObject","@id":"https:\/\/secure.gravatar.com\/avatar\/325464d7e09ffe52889ba6983accc5cdb65d0a54acd9a25cd7e409bd3eba713a?s=96&d=mm&r=g","url":"https:\/\/secure.gravatar.com\/avatar\/325464d7e09ffe52889ba6983accc5cdb65d0a54acd9a25cd7e409bd3eba713a?s=96&d=mm&r=g","height":96,"width":96}},"publisher":{"@type":"Organization","name":"aztenis.cz","logo":{"@type":"ImageObject","@id":"\/logo.png","url":"\/logo.png","width":600,"height":60}},"image":{"@type":"ImageObject","@id":"https:\/\/www.aztenis.cz\/wp-content\/uploads\/img_a350410_w3185_t1565255003.jpg","url":"https:\/\/www.aztenis.cz\/wp-content\/uploads\/img_a350410_w3185_t1565255003.jpg","height":0,"width":0},"wordCount":537,"keywords":null},{"@type":"Article","@id":"https:\/\/www.aztenis.cz\/hypoteka-u-ktere-ani-nizsi-bonita-vadit-nemusi\/","headline":"Hypot\u00e9ka, u kter\u00e9 ani ni\u017e\u0161\u00ed bonita vadit nemus\u00ed","url":"https:\/\/www.aztenis.cz\/hypoteka-u-ktere-ani-nizsi-bonita-vadit-nemusi\/","datePublished":"2019-05-20","dateModified":"2023-05-22","mainEntityOfPage":"https:\/\/www.aztenis.cz\/hypoteka-u-ktere-ani-nizsi-bonita-vadit-nemusi\/","author":{"@type":"Person","@id":"https:\/\/www.aztenis.cz\/author\/#Person","name":"","url":"https:\/\/www.aztenis.cz\/author\/","identifier":1,"image":{"@type":"ImageObject","@id":"https:\/\/secure.gravatar.com\/avatar\/325464d7e09ffe52889ba6983accc5cdb65d0a54acd9a25cd7e409bd3eba713a?s=96&d=mm&r=g","url":"https:\/\/secure.gravatar.com\/avatar\/325464d7e09ffe52889ba6983accc5cdb65d0a54acd9a25cd7e409bd3eba713a?s=96&d=mm&r=g","height":96,"width":96}},"publisher":{"@type":"Organization","name":"aztenis.cz","logo":{"@type":"ImageObject","@id":"\/logo.png","url":"\/logo.png","width":600,"height":60}},"image":{"@type":"ImageObject","@id":"https:\/\/www.aztenis.cz\/wp-content\/uploads\/img_a351061_w3185_t1565811338.jpg","url":"https:\/\/www.aztenis.cz\/wp-content\/uploads\/img_a351061_w3185_t1565811338.jpg","height":0,"width":0},"wordCount":559,"keywords":null}]},{"@context":"https:\/\/schema.org","@type":"WebSite","@id":"https:\/\/www.aztenis.cz\/#website","name":"Az tenis","url":"https:\/\/www.aztenis.cz","potentialAction":{"@type":"SearchAction","target":"https:\/\/www.aztenis.cz\/?s={search_term_string}","query-input":"required name=search_term_string"}}]