[{"@context":"https:\/\/schema.org\/","@type":"Blog","@id":"https:\/\/www.aztenis.cz#Blog","headline":"Az tenis","description":"\nNev\u011b\u0159\u00edte, \u017ee je n\u00e1\u0161 web skv\u011bl\u00fd, maje to za sebechv\u00e1lu, je\u017e jak zn\u00e1mo zap\u00e1ch\u00e1? Pak v\u00e1m nic nebr\u00e1n\u00ed v tom, abyste ho nav\u0161t\u00edvili a posoudili to osobn\u011b.","url":"https:\/\/www.aztenis.cz","hasPart":[{"@type":"Article","@id":"https:\/\/www.aztenis.cz\/zvelebnete-si-domov\/","headline":"Zvelebn\u011bte si domov","url":"https:\/\/www.aztenis.cz\/zvelebnete-si-domov\/","datePublished":"2025-06-07","dateModified":"2025-06-07","mainEntityOfPage":"https:\/\/www.aztenis.cz\/zvelebnete-si-domov\/","author":{"@type":"Person","@id":"https:\/\/www.aztenis.cz\/author\/#Person","name":"","url":"https:\/\/www.aztenis.cz\/author\/","identifier":1,"image":{"@type":"ImageObject","@id":"https:\/\/secure.gravatar.com\/avatar\/325464d7e09ffe52889ba6983accc5cdb65d0a54acd9a25cd7e409bd3eba713a?s=96&d=mm&r=g","url":"https:\/\/secure.gravatar.com\/avatar\/325464d7e09ffe52889ba6983accc5cdb65d0a54acd9a25cd7e409bd3eba713a?s=96&d=mm&r=g","height":96,"width":96}},"publisher":{"@type":"Organization","name":"aztenis.cz","logo":{"@type":"ImageObject","@id":"\/logo.png","url":"\/logo.png","width":600,"height":60}},"image":null,"wordCount":225,"keywords":null},{"@type":"Article","@id":"https:\/\/www.aztenis.cz\/obyvaci-steny-v-mnoha-barvach\/","headline":"Ob\u00fdvac\u00ed st\u011bny v mnoha barv\u00e1ch","url":"https:\/\/www.aztenis.cz\/obyvaci-steny-v-mnoha-barvach\/","datePublished":"2025-05-30","dateModified":"2025-05-30","mainEntityOfPage":"https:\/\/www.aztenis.cz\/obyvaci-steny-v-mnoha-barvach\/","author":{"@type":"Person","@id":"https:\/\/www.aztenis.cz\/author\/#Person","name":"","url":"https:\/\/www.aztenis.cz\/author\/","identifier":1,"image":{"@type":"ImageObject","@id":"https:\/\/secure.gravatar.com\/avatar\/325464d7e09ffe52889ba6983accc5cdb65d0a54acd9a25cd7e409bd3eba713a?s=96&d=mm&r=g","url":"https:\/\/secure.gravatar.com\/avatar\/325464d7e09ffe52889ba6983accc5cdb65d0a54acd9a25cd7e409bd3eba713a?s=96&d=mm&r=g","height":96,"width":96}},"publisher":{"@type":"Organization","name":"aztenis.cz","logo":{"@type":"ImageObject","@id":"\/logo.png","url":"\/logo.png","width":600,"height":60}},"image":null,"wordCount":225,"keywords":null},{"@type":"Article","@id":"https:\/\/www.aztenis.cz\/klasicke-osvetleni-ztraci-intenzitu-jiz-po-roce\/","headline":"Klasick\u00e9 osv\u011btlen\u00ed ztr\u00e1c\u00ed intenzitu ji\u017e po roce","url":"https:\/\/www.aztenis.cz\/klasicke-osvetleni-ztraci-intenzitu-jiz-po-roce\/","datePublished":"2025-05-28","dateModified":"2025-05-28","mainEntityOfPage":"https:\/\/www.aztenis.cz\/klasicke-osvetleni-ztraci-intenzitu-jiz-po-roce\/","author":{"@type":"Person","@id":"https:\/\/www.aztenis.cz\/author\/#Person","name":"","url":"https:\/\/www.aztenis.cz\/author\/","identifier":1,"image":{"@type":"ImageObject","@id":"https:\/\/secure.gravatar.com\/avatar\/325464d7e09ffe52889ba6983accc5cdb65d0a54acd9a25cd7e409bd3eba713a?s=96&d=mm&r=g","url":"https:\/\/secure.gravatar.com\/avatar\/325464d7e09ffe52889ba6983accc5cdb65d0a54acd9a25cd7e409bd3eba713a?s=96&d=mm&r=g","height":96,"width":96}},"publisher":{"@type":"Organization","name":"aztenis.cz","logo":{"@type":"ImageObject","@id":"\/logo.png","url":"\/logo.png","width":600,"height":60}},"image":null,"wordCount":214,"keywords":null},{"@type":"Article","@id":"https:\/\/www.aztenis.cz\/krasne-a-dokonale-tvary\/","headline":"Kr\u00e1sn\u00e9 a dokonal\u00e9 tvary","url":"https:\/\/www.aztenis.cz\/krasne-a-dokonale-tvary\/","datePublished":"2025-05-20","dateModified":"2025-05-20","mainEntityOfPage":"https:\/\/www.aztenis.cz\/krasne-a-dokonale-tvary\/","author":{"@type":"Person","@id":"https:\/\/www.aztenis.cz\/author\/#Person","name":"","url":"https:\/\/www.aztenis.cz\/author\/","identifier":1,"image":{"@type":"ImageObject","@id":"https:\/\/secure.gravatar.com\/avatar\/325464d7e09ffe52889ba6983accc5cdb65d0a54acd9a25cd7e409bd3eba713a?s=96&d=mm&r=g","url":"https:\/\/secure.gravatar.com\/avatar\/325464d7e09ffe52889ba6983accc5cdb65d0a54acd9a25cd7e409bd3eba713a?s=96&d=mm&r=g","height":96,"width":96}},"publisher":{"@type":"Organization","name":"aztenis.cz","logo":{"@type":"ImageObject","@id":"\/logo.png","url":"\/logo.png","width":600,"height":60}},"image":null,"wordCount":198,"keywords":null},{"@type":"Article","@id":"https:\/\/www.aztenis.cz\/nejcastejsi-duvod-k-navsteve-ordinace\/","headline":"Nej\u010dast\u011bj\u0161\u00ed d\u016fvod k n\u00e1v\u0161t\u011bv\u011b ordinace","url":"https:\/\/www.aztenis.cz\/nejcastejsi-duvod-k-navsteve-ordinace\/","datePublished":"2025-05-16","dateModified":"2025-05-16","mainEntityOfPage":"https:\/\/www.aztenis.cz\/nejcastejsi-duvod-k-navsteve-ordinace\/","author":{"@type":"Person","@id":"https:\/\/www.aztenis.cz\/author\/#Person","name":"","url":"https:\/\/www.aztenis.cz\/author\/","identifier":1,"image":{"@type":"ImageObject","@id":"https:\/\/secure.gravatar.com\/avatar\/325464d7e09ffe52889ba6983accc5cdb65d0a54acd9a25cd7e409bd3eba713a?s=96&d=mm&r=g","url":"https:\/\/secure.gravatar.com\/avatar\/325464d7e09ffe52889ba6983accc5cdb65d0a54acd9a25cd7e409bd3eba713a?s=96&d=mm&r=g","height":96,"width":96}},"publisher":{"@type":"Organization","name":"aztenis.cz","logo":{"@type":"ImageObject","@id":"\/logo.png","url":"\/logo.png","width":600,"height":60}},"image":null,"wordCount":211,"keywords":null},{"@type":"Article","@id":"https:\/\/www.aztenis.cz\/chybeli-jste-na-konferenci-promeny-hr-a-je-vam-to-lito\/","headline":"Chyb\u011bli jste na konferenci Prom\u011bny HR a je v\u00e1m to l\u00edto?","url":"https:\/\/www.aztenis.cz\/chybeli-jste-na-konferenci-promeny-hr-a-je-vam-to-lito\/","datePublished":"2025-05-05","dateModified":"2025-05-05","mainEntityOfPage":"https:\/\/www.aztenis.cz\/chybeli-jste-na-konferenci-promeny-hr-a-je-vam-to-lito\/","author":{"@type":"Person","@id":"https:\/\/www.aztenis.cz\/author\/#Person","name":"","url":"https:\/\/www.aztenis.cz\/author\/","identifier":1,"image":{"@type":"ImageObject","@id":"https:\/\/secure.gravatar.com\/avatar\/325464d7e09ffe52889ba6983accc5cdb65d0a54acd9a25cd7e409bd3eba713a?s=96&d=mm&r=g","url":"https:\/\/secure.gravatar.com\/avatar\/325464d7e09ffe52889ba6983accc5cdb65d0a54acd9a25cd7e409bd3eba713a?s=96&d=mm&r=g","height":96,"width":96}},"publisher":{"@type":"Organization","name":"aztenis.cz","logo":{"@type":"ImageObject","@id":"\/logo.png","url":"\/logo.png","width":600,"height":60}},"image":null,"wordCount":484,"keywords":null},{"@type":"Article","@id":"https:\/\/www.aztenis.cz\/cykloturistika\/","headline":"Cykloturistika","url":"https:\/\/www.aztenis.cz\/cykloturistika\/","datePublished":"2025-04-30","dateModified":"2025-04-30","mainEntityOfPage":"https:\/\/www.aztenis.cz\/cykloturistika\/","author":{"@type":"Person","@id":"https:\/\/www.aztenis.cz\/author\/#Person","name":"","url":"https:\/\/www.aztenis.cz\/author\/","identifier":1,"image":{"@type":"ImageObject","@id":"https:\/\/secure.gravatar.com\/avatar\/325464d7e09ffe52889ba6983accc5cdb65d0a54acd9a25cd7e409bd3eba713a?s=96&d=mm&r=g","url":"https:\/\/secure.gravatar.com\/avatar\/325464d7e09ffe52889ba6983accc5cdb65d0a54acd9a25cd7e409bd3eba713a?s=96&d=mm&r=g","height":96,"width":96}},"publisher":{"@type":"Organization","name":"aztenis.cz","logo":{"@type":"ImageObject","@id":"\/logo.png","url":"\/logo.png","width":600,"height":60}},"image":null,"wordCount":214,"keywords":null},{"@type":"Article","@id":"https:\/\/www.aztenis.cz\/vyberte-si-z-nasich-chat-a-chalup-k-pronajmuti\/","headline":"Vyberte si z na\u0161ich chat a chalup k pronajmut\u00ed","url":"https:\/\/www.aztenis.cz\/vyberte-si-z-nasich-chat-a-chalup-k-pronajmuti\/","datePublished":"2025-04-21","dateModified":"2025-04-21","mainEntityOfPage":"https:\/\/www.aztenis.cz\/vyberte-si-z-nasich-chat-a-chalup-k-pronajmuti\/","author":{"@type":"Person","@id":"https:\/\/www.aztenis.cz\/author\/#Person","name":"","url":"https:\/\/www.aztenis.cz\/author\/","identifier":1,"image":{"@type":"ImageObject","@id":"https:\/\/secure.gravatar.com\/avatar\/325464d7e09ffe52889ba6983accc5cdb65d0a54acd9a25cd7e409bd3eba713a?s=96&d=mm&r=g","url":"https:\/\/secure.gravatar.com\/avatar\/325464d7e09ffe52889ba6983accc5cdb65d0a54acd9a25cd7e409bd3eba713a?s=96&d=mm&r=g","height":96,"width":96}},"publisher":{"@type":"Organization","name":"aztenis.cz","logo":{"@type":"ImageObject","@id":"\/logo.png","url":"\/logo.png","width":600,"height":60}},"image":null,"wordCount":228,"keywords":null},{"@type":"Article","@id":"https:\/\/www.aztenis.cz\/pri-menopauze-se-objevuji-deprese\/","headline":"P\u0159i menopauze se objevuj\u00ed deprese","url":"https:\/\/www.aztenis.cz\/pri-menopauze-se-objevuji-deprese\/","datePublished":"2025-04-13","dateModified":"2025-04-13","mainEntityOfPage":"https:\/\/www.aztenis.cz\/pri-menopauze-se-objevuji-deprese\/","author":{"@type":"Person","@id":"https:\/\/www.aztenis.cz\/author\/#Person","name":"","url":"https:\/\/www.aztenis.cz\/author\/","identifier":1,"image":{"@type":"ImageObject","@id":"https:\/\/secure.gravatar.com\/avatar\/325464d7e09ffe52889ba6983accc5cdb65d0a54acd9a25cd7e409bd3eba713a?s=96&d=mm&r=g","url":"https:\/\/secure.gravatar.com\/avatar\/325464d7e09ffe52889ba6983accc5cdb65d0a54acd9a25cd7e409bd3eba713a?s=96&d=mm&r=g","height":96,"width":96}},"publisher":{"@type":"Organization","name":"aztenis.cz","logo":{"@type":"ImageObject","@id":"\/logo.png","url":"\/logo.png","width":600,"height":60}},"image":null,"wordCount":225,"keywords":null},{"@type":"Article","@id":"https:\/\/www.aztenis.cz\/mikiny-vas-udrzi-v-teple\/","headline":"Mikiny V\u00e1s udr\u017e\u00ed v\u00a0teple","url":"https:\/\/www.aztenis.cz\/mikiny-vas-udrzi-v-teple\/","datePublished":"2025-04-08","dateModified":"2025-04-08","mainEntityOfPage":"https:\/\/www.aztenis.cz\/mikiny-vas-udrzi-v-teple\/","author":{"@type":"Person","@id":"https:\/\/www.aztenis.cz\/author\/#Person","name":"","url":"https:\/\/www.aztenis.cz\/author\/","identifier":1,"image":{"@type":"ImageObject","@id":"https:\/\/secure.gravatar.com\/avatar\/325464d7e09ffe52889ba6983accc5cdb65d0a54acd9a25cd7e409bd3eba713a?s=96&d=mm&r=g","url":"https:\/\/secure.gravatar.com\/avatar\/325464d7e09ffe52889ba6983accc5cdb65d0a54acd9a25cd7e409bd3eba713a?s=96&d=mm&r=g","height":96,"width":96}},"publisher":{"@type":"Organization","name":"aztenis.cz","logo":{"@type":"ImageObject","@id":"\/logo.png","url":"\/logo.png","width":600,"height":60}},"image":null,"wordCount":218,"keywords":null}]},{"@context":"https:\/\/schema.org","@type":"WebSite","@id":"https:\/\/www.aztenis.cz\/#website","name":"Az tenis","url":"https:\/\/www.aztenis.cz","potentialAction":{"@type":"SearchAction","target":"https:\/\/www.aztenis.cz\/?s={search_term_string}","query-input":"required name=search_term_string"}}]