[{"@context":"https:\/\/schema.org\/","@type":"Article","@id":"https:\/\/www.aztenis.cz\/povezte-vsem-jak-dulezity-den-vas-ceka\/#Article","mainEntityOfPage":"https:\/\/www.aztenis.cz\/povezte-vsem-jak-dulezity-den-vas-ceka\/","headline":"Pov\u011bzte v\u0161em, jak d\u016fle\u017eit\u00fd den v\u00e1s \u010dek\u00e1","name":"Pov\u011bzte v\u0161em, jak d\u016fle\u017eit\u00fd den v\u00e1s \u010dek\u00e1","description":"Sd\u011blte sv\u00fdm bl\u00edzk\u00fdm, jak d\u016fle\u017eit\u00fd je pro v\u00e1s v\u00e1\u0161 svatebn\u00ed den a jak r\u00e1di byste byli, kdyby va\u0161i bl\u00edzc\u00ed p\u0159i\u0161li. S\u00a0dokonal\u00fdm svatebn\u00edm ozn\u00e1men\u00edm m\u016f\u017eete vyj\u00e1d\u0159it mnoh\u00e9. Vyberte si romantick\u00e9 motto \u010di \u00faryvek z\u00a0liter\u00e1rn\u00edho textu, dola\u010fte barvy a zdoben\u00ed a pak u\u017e jen po\u0161lete sv\u00e9 rodin\u011b a p\u0159\u00e1tel\u016fm, aby v\u011bd\u011bli, kdy a kde se ob\u0159ad kon\u00e1....","datePublished":"2024-11-23","dateModified":"2024-11-23","author":{"@type":"Person","@id":"https:\/\/www.aztenis.cz\/author\/#Person","name":"","url":"https:\/\/www.aztenis.cz\/author\/","identifier":1,"image":{"@type":"ImageObject","@id":"https:\/\/secure.gravatar.com\/avatar\/325464d7e09ffe52889ba6983accc5cdb65d0a54acd9a25cd7e409bd3eba713a?s=96&d=mm&r=g","url":"https:\/\/secure.gravatar.com\/avatar\/325464d7e09ffe52889ba6983accc5cdb65d0a54acd9a25cd7e409bd3eba713a?s=96&d=mm&r=g","height":96,"width":96}},"publisher":{"@type":"Organization","name":"aztenis.cz","logo":{"@type":"ImageObject","@id":"\/logo.png","url":"\/logo.png","width":600,"height":60}},"url":"https:\/\/www.aztenis.cz\/povezte-vsem-jak-dulezity-den-vas-ceka\/","wordCount":183,"articleBody":"Sd\u011blte sv\u00fdm bl\u00edzk\u00fdm, jak d\u016fle\u017eit\u00fd je pro v\u00e1s v\u00e1\u0161 svatebn\u00ed den a jak r\u00e1di byste byli, kdyby va\u0161i bl\u00edzc\u00ed p\u0159i\u0161li. S\u00a0dokonal\u00fdm svatebn\u00edm ozn\u00e1men\u00edm m\u016f\u017eete vyj\u00e1d\u0159it mnoh\u00e9. Vyberte si romantick\u00e9 motto \u010di \u00faryvek z\u00a0liter\u00e1rn\u00edho textu, dola\u010fte barvy a zdoben\u00ed a pak u\u017e jen po\u0161lete sv\u00e9 rodin\u011b a p\u0159\u00e1tel\u016fm, aby v\u011bd\u011bli, kdy a kde se ob\u0159ad kon\u00e1. A aby v\u0161em z\u016fstala kr\u00e1sn\u00e1 vzpom\u00ednka v\u00a0podob\u011b hezk\u00e9 pozv\u00e1nky.\tZvolte si podle va\u0161ich po\u017eadavk\u016fObjednejte si u n\u00e1s p\u011bkn\u00e9 ozn\u00e1men\u00ed, ve kter\u00e9m sd\u011bl\u00edte v\u0161e, co chcete. Vyberte si z\u00a0mnoha vzor\u016f, nab\u00edz\u00edme pozv\u00e1nky v\u00a0r\u016fzn\u00fdch barv\u00e1ch i barevn\u00fdch kombinac\u00edch, s\u00a0odli\u0161n\u00fdm typem p\u00edsma v\u00a0n\u011bkolika barv\u00e1ch. D\u00e1le m\u016f\u017eete volit ob\u00e1lky, jmenovky \u010di pozv\u00e1nky ke stolu. Sla\u010fte v\u0161e do jednoho, a\u0165 je v\u00e1\u0161 den nezapomenuteln\u00fd.                                                                                                                                                                                                                                                                                                                                                                                                "},{"@context":"https:\/\/schema.org\/","@type":"BreadcrumbList","itemListElement":[{"@type":"ListItem","position":1,"name":"Pov\u011bzte v\u0161em, jak d\u016fle\u017eit\u00fd den v\u00e1s \u010dek\u00e1","item":"https:\/\/www.aztenis.cz\/povezte-vsem-jak-dulezity-den-vas-ceka\/#breadcrumbitem"}]}]