[{"@context":"https:\/\/schema.org\/","@type":"Article","@id":"https:\/\/www.aztenis.cz\/pro-vas-odpocinek-i-pro-vase-zdravi\/#Article","mainEntityOfPage":"https:\/\/www.aztenis.cz\/pro-vas-odpocinek-i-pro-vase-zdravi\/","headline":"Pro v\u00e1\u0161 odpo\u010dinek i pro va\u0161e zdrav\u00ed","name":"Pro v\u00e1\u0161 odpo\u010dinek i pro va\u0161e zdrav\u00ed","description":"Str\u00e1vit v\u00edkend, prodlou\u017een\u00fd v\u00edkend nebo i del\u0161\u00ed pobyt v n\u011bkter\u00e9m z na\u0161ich l\u00e1ze\u0148sk\u00fdch za\u0159\u00edzen\u00ed je jist\u011b p\u0159\u00edjemn\u00e9. Na co se m\u016f\u017eete t\u011b\u0161it? Na profesion\u00e1ln\u00ed slu\u017eby mas\u00e9r\u016f, kosmeti\u010dek i fyzioterapeut\u016f. B\u011bhem dne nebo i ve\u010der si m\u016f\u017eete dop\u0159\u00e1t pobyt ve v\u00ed\u0159ivce, saun\u011b, nebo v baz\u00e9nu. L\u00e1ze\u0148sk\u00e9 hotely a wellness hotely jsou dnes velmi v\u0161estrann\u011b vybaveny, aby...","datePublished":"2017-09-06","dateModified":"2023-05-19","author":{"@type":"Person","@id":"https:\/\/www.aztenis.cz\/author\/#Person","name":"","url":"https:\/\/www.aztenis.cz\/author\/","identifier":1,"image":{"@type":"ImageObject","@id":"https:\/\/secure.gravatar.com\/avatar\/325464d7e09ffe52889ba6983accc5cdb65d0a54acd9a25cd7e409bd3eba713a?s=96&d=mm&r=g","url":"https:\/\/secure.gravatar.com\/avatar\/325464d7e09ffe52889ba6983accc5cdb65d0a54acd9a25cd7e409bd3eba713a?s=96&d=mm&r=g","height":96,"width":96}},"publisher":{"@type":"Organization","name":"aztenis.cz","logo":{"@type":"ImageObject","@id":"\/logo.png","url":"\/logo.png","width":600,"height":60}},"image":{"@type":"ImageObject","@id":"https:\/\/www.aztenis.cz\/wp-content\/uploads\/img_a298669_w2123_t1508929610.jpg","url":"https:\/\/www.aztenis.cz\/wp-content\/uploads\/img_a298669_w2123_t1508929610.jpg","height":0,"width":0},"url":"https:\/\/www.aztenis.cz\/pro-vas-odpocinek-i-pro-vase-zdravi\/","about":["Zbo\u017e\u00ed"],"wordCount":425,"articleBody":"Str\u00e1vit v\u00edkend, prodlou\u017een\u00fd v\u00edkend nebo i del\u0161\u00ed pobyt v n\u011bkter\u00e9m z na\u0161ich l\u00e1ze\u0148sk\u00fdch za\u0159\u00edzen\u00ed je jist\u011b p\u0159\u00edjemn\u00e9. Na co se m\u016f\u017eete t\u011b\u0161it? Na profesion\u00e1ln\u00ed slu\u017eby mas\u00e9r\u016f, kosmeti\u010dek i fyzioterapeut\u016f. B\u011bhem dne nebo i ve\u010der si m\u016f\u017eete dop\u0159\u00e1t pobyt ve v\u00ed\u0159ivce, saun\u011b, nebo v baz\u00e9nu. L\u00e1ze\u0148sk\u00e9 hotely a wellness hotely jsou dnes velmi v\u0161estrann\u011b vybaveny, aby sv\u00fdm klient\u016fm dovedly poskytnout ty nejlep\u0161\u00ed slu\u017eby. Je rozhodn\u011b dob\u0159e, \u017ee se cel\u00e1 \u0159ada takto vybaven\u00fdch hotel\u016f za\u010dala specializovat na pobyty pro seniory a nab\u00edz\u00ed jim mo\u017enost vyu\u017e\u00edt jejich slu\u017eeb za velmi zv\u00fdhodn\u011bn\u00e9 ceny. Bal\u00ed\u010dek slu\u017eeb, kter\u00fd je vyhrazen pr\u00e1v\u011b osob\u00e1m star\u0161\u00edm pades\u00e1ti p\u011bti let, nen\u00ed zaj\u00edmav\u00fd jen svou cenou, ale i t\u00edm, \u017ee je p\u0159izp\u016fsoben pr\u00e1v\u011b pot\u0159eb\u00e1m klient\u016f z \u0159ad senior\u016f. Dop\u0159ejte si zm\u011bnu a pobyt, kter\u00fd si zaslou\u017e\u00edte. Dom\u016f se budete vracet v p\u0159\u00edjemn\u00e9 pohod\u011b, odpo\u010dinut\u00ed a pln\u00ed nov\u00e9 energie.  Nejlep\u0161\u00ed \u010das na vych\u00e1zky v hor\u00e1ch Kdy vyrazit na hory? V letn\u00edm obdob\u00ed, kdy jsou tropick\u00e9 teploty, kter\u00e9 v\u00e1m br\u00e1n\u00ed v tom, abyste si u\u017eili dlouh\u00e9 proch\u00e1zky? Nebo snad v zim\u011b, kdy stezky hust\u011b zapadnou sn\u011bhem a hotely jsou zcela obsazeny ly\u017ea\u0159i? Ur\u010dit\u011b ne. Pro v\u00e1s je nejvhodn\u011bj\u0161\u00ed nav\u0161t\u00edvit horsk\u00fd hotel na podzim, nebo na ja\u0159e! Po\u010das\u00ed bude p\u0159\u00e1t dlouh\u00fdm proch\u00e1zk\u00e1m a ve\u010der m\u016f\u017eete relaxovat v hotelov\u00e9m baz\u00e9nu, nebo v\u00ed\u0159ivce. Nechce se v\u00e1m platit mnoho? Nevad\u00ed! \u0158ada hotel\u016f u\u017e nab\u00edz\u00ed zv\u00fdhodn\u011bn\u00e9 pobyty pro seniory a osoby star\u0161\u00ed pades\u00e1ti p\u011bti let. Prohl\u00e9dn\u011bte si, kde v\u0161ude v\u00e1s p\u0159iv\u00edtaj\u00ed a na jak\u00e9 slu\u017eby se m\u016f\u017eete v r\u00e1mci pobytu t\u011b\u0161it. Wellness slu\u017eby \u010dasto zahrnuj\u00ed i mo\u017enost zkusit n\u011bkterou ozdravnou k\u00faru, nebo uvol\u0148uj\u00edc\u00ed mas\u00e1\u017e!  Nev\u00e1hejte s rezervac\u00ed pobytu. Term\u00edny za zv\u00fdhodn\u011bn\u00e9 ceny se v\u017edy rychle zapln\u00ed. Vyberte si sv\u016fj pobyt co mo\u017en\u00e1 nejd\u0159\u00edve. P\u0159i v\u00fdb\u011bru v\u00e1m pom\u016f\u017ee nejen fotogalerie a popis slu\u017eeb hotelu, ale tak\u00e9 zve\u0159ejn\u011bn\u00e9 recenze z\u00e1kazn\u00edk\u016f, kte\u0159\u00ed hotel nav\u0161t\u00edvili p\u0159ed v\u00e1mi.                                                                                                                                                                                                                                                                                                                                                                                         4.5\/5 - (2 votes)        "},{"@context":"https:\/\/schema.org\/","@type":"BreadcrumbList","itemListElement":[{"@type":"ListItem","position":1,"name":"Pro v\u00e1\u0161 odpo\u010dinek i pro va\u0161e zdrav\u00ed","item":"https:\/\/www.aztenis.cz\/pro-vas-odpocinek-i-pro-vase-zdravi\/#breadcrumbitem"}]}]