[{"@context":"https:\/\/schema.org\/","@type":"Article","@id":"https:\/\/www.aztenis.cz\/stylovy-a-prakticky-nabytek-z-masivu-muze-byt-i-z-palet\/#Article","mainEntityOfPage":"https:\/\/www.aztenis.cz\/stylovy-a-prakticky-nabytek-z-masivu-muze-byt-i-z-palet\/","headline":"Stylov\u00fd a praktick\u00fd n\u00e1bytek z masivu m\u016f\u017ee b\u00fdt i z palet","name":"Stylov\u00fd a praktick\u00fd n\u00e1bytek z masivu m\u016f\u017ee b\u00fdt i z palet","description":"Tak\u00e9 uva\u017eujete o n\u00e1bytku z palet? V\u011bzte, \u017ee nejste sami, \u010ce\u0161i jsou toti\u017e n\u00e1rodem nesm\u00edrn\u011b tvo\u0159iv\u00fdm a zv\u00eddav\u00fdm, m\u00e1me v genech po p\u0159edc\u00edch zak\u00f3dov\u00e1nu \u0161ikovnost a n\u00e1paditost, v minulosti bylo o nutn\u00e9 si \u010dastokr\u00e1t poradit i v nouzov\u00fdch situac\u00edch a vytvo\u0159it ve fin\u00e1le \u201ez nouze ctnost\u201c. Vy\u0159azen\u00e9 p\u0159epravn\u00ed bedny a palety p\u016fvodn\u011b kon\u010dily na skl\u00e1dk\u00e1ch...","datePublished":"2019-03-25","dateModified":"2023-11-20","author":{"@type":"Person","@id":"https:\/\/www.aztenis.cz\/author\/#Person","name":"","url":"https:\/\/www.aztenis.cz\/author\/","identifier":1,"image":{"@type":"ImageObject","@id":"https:\/\/secure.gravatar.com\/avatar\/325464d7e09ffe52889ba6983accc5cdb65d0a54acd9a25cd7e409bd3eba713a?s=96&d=mm&r=g","url":"https:\/\/secure.gravatar.com\/avatar\/325464d7e09ffe52889ba6983accc5cdb65d0a54acd9a25cd7e409bd3eba713a?s=96&d=mm&r=g","height":96,"width":96}},"publisher":{"@type":"Organization","name":"aztenis.cz","logo":{"@type":"ImageObject","@id":"\/logo.png","url":"\/logo.png","width":600,"height":60}},"image":{"@type":"ImageObject","@id":"https:\/\/www.aztenis.cz\/wp-content\/uploads\/img_a341996_w3185_t1554895762.jpg","url":"https:\/\/www.aztenis.cz\/wp-content\/uploads\/img_a341996_w3185_t1554895762.jpg","height":0,"width":0},"url":"https:\/\/www.aztenis.cz\/stylovy-a-prakticky-nabytek-z-masivu-muze-byt-i-z-palet\/","about":["Zbo\u017e\u00ed"],"wordCount":422,"articleBody":"        Tak\u00e9 uva\u017eujete o n\u00e1bytku z palet? V\u011bzte, \u017ee nejste sami, \u010ce\u0161i jsou toti\u017e n\u00e1rodem nesm\u00edrn\u011b tvo\u0159iv\u00fdm a zv\u00eddav\u00fdm, m\u00e1me v genech po p\u0159edc\u00edch zak\u00f3dov\u00e1nu \u0161ikovnost a n\u00e1paditost, v minulosti  bylo o nutn\u00e9 si \u010dastokr\u00e1t poradit i v nouzov\u00fdch situac\u00edch a vytvo\u0159it ve fin\u00e1le \u201ez nouze ctnost\u201c. Vy\u0159azen\u00e9 p\u0159epravn\u00ed bedny a palety p\u016fvodn\u011b kon\u010dily na skl\u00e1dk\u00e1ch nebo jako palivo, postupn\u011b se z tohoto materi\u00e1lu stal dokonce i business.   D\u00e1 se i rozebrat Zna\u010dnou p\u0159ednost\u00ed jsou jejich unifikovan\u00e9 rozm\u011bry. Europalety jsou dokonce certifikovan\u00e9 a \u010derpat z t\u00e9to v\u00fdhody lze p\u0159ev\u00e1\u017en\u011b u v\u00fdroby l\u016f\u017eek nebo k\u0159esel a sedac\u00edch souprav. Jednotliv\u00e9 kusy se ov\u0161em daj\u00ed i rozebrat, m\u00e1te pak k dispozici jednotliv\u00e1 prkna a tvo\u0159\u00edte z masivn\u00edho kvalitn\u00edho a proschl\u00e9ho d\u0159eva. Jednodu\u0161e pak poskl\u00e1d\u00e1te vedle sebe \u010d\u00e1sti pot\u0159ebn\u00e9 pro zahradn\u00ed houpa\u010dku, z\u00e1sobn\u00edk na balkonov\u00e9 kv\u011btiny, truhl\u00edk na okrasn\u00e9 d\u0159eviny, d\u00edlensk\u00fd stolek, polici a mnoho dal\u0161\u00edch n\u00e1pad\u016f. Sta\u010d\u00ed zabrousit na internet a zadat kl\u00ed\u010dov\u00e1 slova, mezi nimi\u017e p\u0159eva\u017euj\u00ed r\u016fzn\u011b sklo\u0148ovan\u00e9 \u201epalety\u201c, a zato\u010d\u00ed se v\u00e1m hlava z t\u00e9 nep\u0159ebern\u00e9 \u0161k\u00e1ly r\u016fzn\u00fdch n\u00e1padit\u00fdch \u0159e\u0161en\u00ed.  Vyrobit lze i neuv\u011b\u0159iteln\u00e9 kousky Nej\u010dast\u011bji se tv\u016frci zam\u011b\u0159uj\u00ed na konferen\u010dn\u00ed stolky a l\u016f\u017eka. Lze je koncipovat velmi r\u016fznorod\u011b, a pokud v\u00e1m sch\u00e1z\u00ed invence, nebo si netrouf\u00e1te do slo\u017eit\u011bj\u0161\u00edch mont\u00e1\u017e\u00ed, vysta\u010d\u00edte i s jednoduch\u00fdm stylem, kdy se palety  pokl\u00e1daj\u00ed na sebe, vedle sebe a dopl\u0148uj\u00ed se horn\u00edmi deskami, p\u0159\u00edpadn\u011b prkny z rozebran\u00fdch d\u00edl\u016f.  Pro stolek budete pot\u0159ebovat pouh\u00e9 dv\u011b europalety (vhodn\u011bj\u0161\u00ed jsou ji\u017e brou\u0161en\u00e9), ke spodn\u00edmu d\u00edlu lze p\u0159ipevnit kole\u010dka a v podobn\u00e9m stylu m\u016f\u017ee b\u00fdt zhotovena i pohovka nebo odkl\u00e1dac\u00ed prostor jako stojan na televizi, nebo praktick\u00e1 knihovna. Na v\u00fdrobu n\u00e1bytku se dokonce specializuj\u00ed i n\u011bkter\u00e9 firmy, nab\u00edz\u00ed skute\u010dn\u011b zaj\u00edmav\u00e9 variace v\u00fdrobk\u016f, nap\u0159. desky stolk\u016f skl\u00e1dan\u00e9 jako mozaiku nebo spir\u00e1lu z rozebran\u00fdch prken, ateli\u00e9rov\u00fd n\u00e1bytek, prostorn\u00e9 ob\u00fdvac\u00ed st\u011bny, p\u0159eds\u00ed\u0148ov\u00e9 sestavy pro odkl\u00e1d\u00e1n\u00ed \u0161atstva a obuvi a mnoh\u00e9 dal\u0161\u00ed.                                                                                                                                                                                                                                                                                                                                                                                          4\/5 - (1 vote)        "},{"@context":"https:\/\/schema.org\/","@type":"BreadcrumbList","itemListElement":[{"@type":"ListItem","position":1,"name":"Stylov\u00fd a praktick\u00fd n\u00e1bytek z masivu m\u016f\u017ee b\u00fdt i z palet","item":"https:\/\/www.aztenis.cz\/stylovy-a-prakticky-nabytek-z-masivu-muze-byt-i-z-palet\/#breadcrumbitem"}]}]