[{"@context":"https:\/\/schema.org\/","@type":"Article","@id":"https:\/\/www.aztenis.cz\/zarit-na-nebi-mody-neni-s-nami-vubec-tezke\/#Article","mainEntityOfPage":"https:\/\/www.aztenis.cz\/zarit-na-nebi-mody-neni-s-nami-vubec-tezke\/","headline":"Z\u00e1\u0159it na nebi m\u00f3dy nen\u00ed s n\u00e1mi v\u016fbec t\u011b\u017ek\u00e9!","name":"Z\u00e1\u0159it na nebi m\u00f3dy nen\u00ed s n\u00e1mi v\u016fbec t\u011b\u017ek\u00e9!","description":"D\u00e1msk\u00e9 oble\u010den\u00ed je o\u0159\u00ed\u0161ek pro v\u0161echny \u017eeny, kter\u00e9 nemaj\u00ed z\u00e1jem o to, aby byly neodolateln\u00e9. Jinak je to velmi z\u00e1bavn\u00e9 a snadn\u00e9 p\u0159em\u00fd\u0161let nad sv\u00fdmi p\u0159ednostmi, a vystavovat je. Ur\u010dit\u011b ve v\u0161\u00ed po\u010destnosti, ale mlad\u00e9 \u017eeny si mohou dovolit jist\u011b lep\u0161\u00ed a vyz\u00fdvav\u011bj\u0161\u00ed zbo\u017e\u00ed. Vlastn\u011b je to d\u00e1no i postavou. Pod\u00edvejte se na sv\u00e9 mo\u017enosti...","datePublished":"2025-08-22","dateModified":"2025-08-22","author":{"@type":"Person","@id":"https:\/\/www.aztenis.cz\/author\/#Person","name":"","url":"https:\/\/www.aztenis.cz\/author\/","identifier":1,"image":{"@type":"ImageObject","@id":"https:\/\/secure.gravatar.com\/avatar\/325464d7e09ffe52889ba6983accc5cdb65d0a54acd9a25cd7e409bd3eba713a?s=96&d=mm&r=g","url":"https:\/\/secure.gravatar.com\/avatar\/325464d7e09ffe52889ba6983accc5cdb65d0a54acd9a25cd7e409bd3eba713a?s=96&d=mm&r=g","height":96,"width":96}},"publisher":{"@type":"Organization","name":"aztenis.cz","logo":{"@type":"ImageObject","@id":"\/logo.png","url":"\/logo.png","width":600,"height":60}},"url":"https:\/\/www.aztenis.cz\/zarit-na-nebi-mody-neni-s-nami-vubec-tezke\/","wordCount":161,"articleBody":"D\u00e1msk\u00e9 oble\u010den\u00ed je o\u0159\u00ed\u0161ek pro v\u0161echny \u017eeny, kter\u00e9 nemaj\u00ed z\u00e1jem o to, aby byly neodolateln\u00e9. Jinak je to velmi z\u00e1bavn\u00e9 a snadn\u00e9 p\u0159em\u00fd\u0161let nad sv\u00fdmi p\u0159ednostmi, a vystavovat je. Ur\u010dit\u011b ve v\u0161\u00ed po\u010destnosti, ale mlad\u00e9 \u017eeny si mohou dovolit jist\u011b lep\u0161\u00ed a vyz\u00fdvav\u011bj\u0161\u00ed zbo\u017e\u00ed. Vlastn\u011b je to d\u00e1no i postavou. Pod\u00edvejte se na sv\u00e9 mo\u017enosti a \u017easn\u011bte, kolik jich je!D\u00e1msk\u00e9 oble\u010den\u00ed je prost\u011b fantastick\u00fd obor pln\u00fd tajemstv\u00edVyb\u00edrejte si spoustu od\u011bv\u016f, kter\u00e9 b\u011b\u017en\u011b nos\u00edte, ale vyzkou\u0161ejte tak\u00e9 modern\u00ed osv\u011b\u017een\u00ed. Spr\u00e1vn\u00e9 a \u017e\u00e1dostiv\u00e9 \u017een\u011b nesm\u00ed v \u0161atn\u00edku chyb\u011bt letn\u00ed i teplej\u0161\u00ed \u0161aty, modern\u00ed sukn\u011b kr\u00e1tk\u00e9 i elegantn\u00ed, plavky dvoud\u00edln\u00e9 i bikiny, kabelky a dopl\u0148ky v podob\u011b \u0161\u00e1tk\u016f a pen\u011b\u017eenek. Kra\u0165asy, tepl\u00e1ky a leg\u00edny pro sport a tak\u00e9 vkusn\u00e9 tuniky, trika a halenky do pr\u00e1ce.                                                                                                                                                                                                                                                                                                                                                                                                "},{"@context":"https:\/\/schema.org\/","@type":"BreadcrumbList","itemListElement":[{"@type":"ListItem","position":1,"name":"Z\u00e1\u0159it na nebi m\u00f3dy nen\u00ed s n\u00e1mi v\u016fbec t\u011b\u017ek\u00e9!","item":"https:\/\/www.aztenis.cz\/zarit-na-nebi-mody-neni-s-nami-vubec-tezke\/#breadcrumbitem"}]}]